{"id":10069,"date":"2012-03-06T17:17:22","date_gmt":"2012-03-06T22:17:22","guid":{"rendered":"http:\/\/contraluz.co\/?p=10069"},"modified":"2012-03-06T17:17:22","modified_gmt":"2012-03-06T22:17:22","slug":"javier-dario-restrepo-el-amigo-de-gabo","status":"publish","type":"post","link":"https:\/\/contraluzcucuta.co\/?p=10069","title":{"rendered":"Javier Dar\u00edo Restrepo, el amigo de Gabo"},"content":{"rendered":"<p>Javier Dar\u00edo Restrepo es el maestro\u00a0de la \u00e9tica period\u00edstica en Colombia y buena parte de Latinoam\u00e9rica.\u00a0Atiende las consultas\u00a0profesionales en el espacio brindado por la Fundaci\u00f3n Nuevo Periodismo, de Gabriel\u00a0 Garc\u00eda M\u00e1rquez, en el que muestra la\u00a0experiencia ganada en este campo por el trabajo ininterrumpido por m\u00e1s de cinco d\u00e9cadas. En esta condici\u00f3n ha ofrecido conferencias\u00a0en varios pa\u00edses.<\/p>\n<p>En el inicio de la vida estudi\u00f3 en el seminario. De ah\u00ed el amor por la filosof\u00eda. Adem\u00e1s, aprendi\u00f3 a dominar el lat\u00edn. \u201cHa sido de gran ayuda, fue una experiencia enriquecedora\u201d.<\/p>\n<p>Tom\u00f3 la decisi\u00f3n de abandonar el camino sacerdotal, porque observ\u00f3 nuevos caminos y nuevos estudios que pod\u00eda cursar.<\/p>\n<p>La celebraci\u00f3n del D\u00eda del Periodista, el 9 de febrero, lo trajo a la\u00a0biblioteca p\u00fablica Julio P\u00e9rez Ferrero, de C\u00facuta, para hablar del tema que domina, la \u00e9tica,\u00a0a la que le tom\u00f3 amor\u00a0hace mucho tiempo, cuando perteneci\u00f3 a la comisi\u00f3n\u00a0de un canal de televisi\u00f3n, que ten\u00eda como objetivo\u00a0investigar a los\u00a0periodistas.<\/p>\n<p>&#8220;Dec\u00edan que recib\u00edan el sueldo de los peri\u00f3dicos y aparte\u00a0ten\u00edan sueldo de otros. En ese momento\u00a0segu\u00ed en la \u00e9tica y aqu\u00ed estoy&#8221;, dijo con voz pausada y palabras bien pensadas, como cuando escribe las recomendaciones en la Fundaci\u00f3n.<\/p>\n<p>Siempre escribe a mano y despu\u00e9s utiliza la m\u00e1quina. \u201cSiempre lo he hecho. M\u00e1s que una costumbre es una necesidad. Los 26 libros que he escrito los he hecho a mano. Al momento de digitar, veo palabras mal empleadas, errores y tengo la oportunidad de corregirme\u201d.<\/p>\n<p>Es su primer y principal editor, se autocorrige antes de enviar cualquier texto o escrito.<\/p>\n<p>El trabajo para la Fundaci\u00f3n le ha permitido viajar por el mundo. Ha conocido la mayor\u00eda de pa\u00edses. En Espa\u00f1a e Italia estuvo buen tiempo.<br \/>\nSe observa el brillo en los ojos cuando le mencionan a\u00a0su amigo Gabriel Garc\u00eda M\u00e1rquez.<\/p>\n<p>Mantiene buena relaci\u00f3n con el Nobel colombiano. \u201cEstuvimos en M\u00e9xico, ofrecimos conferencias, aunque por su estado de salud los m\u00e9dicos le han recomendado mucho reposo. No puede hacer grandes esfuerzos\u201d. Hace cuatro a\u00f1os que no se ven.<\/p>\n<p>Prefiere leer libros f\u00edsicos por sobre los virtuales. En casa tiene habitaciones llenas de libros de todo tipo. Calific\u00f3 la lectura como arte. \u201cLa lectura es impresionante\u201d.<\/p>\n<p>Es dif\u00edcil saber con exactitud cu\u00e1ntos libros lee en un mes. Estim\u00f3 entre cinco o seis. Ahora, est\u00e1 en el ejercicio de hacer res\u00famenes de varios libros y toma algunos solo para consultas. \u201cSi tengo una duda, recuerdo en qu\u00e9 libro habla de eso, voy y busco el cap\u00edtulo exacto en donde est\u00e1 la respuesta, solo para consultar\u201d.<\/p>\n<p><a href=\"http:\/\/contraluz.co\/wp-content\/uploads\/2012\/03\/JAVIER-DARIO-RESTREPO-046.jpg\"><img loading=\"lazy\" decoding=\"async\" class=\"alignnone size-thumbnail wp-image-10072\" title=\"JAVIER DARIO RESTREPO 046\" src=\"http:\/\/contraluz.co\/wp-content\/uploads\/2012\/03\/JAVIER-DARIO-RESTREPO-046-150x150.jpg\" alt=\"\" width=\"150\" height=\"150\" \/><\/a>\u00a0<\/p>\n<p>A la hora de dormir usa pijama como un ni\u00f1o de 5 a\u00f1os. No hace grandes exigencias cuando lo invitan a ofrecer una conferencia. \u201cLo \u00fanico es que pido un hospedaje que est\u00e9 en silencio, lejos del bullicio, porque como soy medio sordo\u201d.<\/p>\n<p>Enviud\u00f3 hace a\u00f1o y medio y desde ese entonces lleva una relaci\u00f3n cercana con hijos y nietos. No hay como un procedimiento \u00e9tico qu\u00e9 aplicar.<\/p>\n<p>En materia de periodismo est\u00e1 seguro de que los medios desinforman por la competencia a la que est\u00e1n sometidos por ser el que primero diga la noticia<\/p>\n<p>\u201cPriman los intereses econ\u00f3micos, no la verdad saludable que se le debe decir a la sociedad\u201d.<\/p>\n<p>Todo el tiempo se autocritica. \u201cEsa es la base de la persona, del periodista en este caso. El que piense que ha hecho las cosas bien, se estanca, pero el que considere que cada d\u00eda puede mejorar, ese se supera y surge. Es la gran ense\u00f1anza que les dejo a mis hijos. El autocriticarse para cada d\u00eda ser mejor persona y profesional. Tenemos que estar actualiz\u00e1ndonos d\u00eda a d\u00eda\u201d.<br \/>\n<strong>HEIDER LOGATTO<\/strong><\/p>\n<p><strong>Estudiante de Comunicaci\u00f3n Social<\/strong><\/p>\n<p><strong>Universidad de Pamplona<\/strong><\/p>\n<p><strong>Campus de Villa del Rosario<\/strong> <\/p>\n","protected":false},"excerpt":{"rendered":"<p>Javier Dar\u00edo Restrepo es el maestro\u00a0de la \u00e9tica period\u00edstica en Colombia y buena parte de Latinoam\u00e9rica.\u00a0Atiende las consultas\u00a0profesionales en el espacio brindado por la Fundaci\u00f3n Nuevo Periodismo, de Gabriel\u00a0 Garc\u00eda M\u00e1rquez, en el que muestra la\u00a0experiencia ganada en este campo por el trabajo ininterrumpido por m\u00e1s de cinco d\u00e9cadas. En esta condici\u00f3n ha ofrecido conferencias\u00a0en &hellip;<\/p>\n","protected":false},"author":1,"featured_media":10071,"comment_status":"open","ping_status":"open","sticky":false,"template":"","format":"standard","meta":{"footnotes":""},"categories":[74,45],"tags":[184,185],"class_list":["post-10069","post","type-post","status-publish","format-standard","has-post-thumbnail","hentry","category-aula-universitaria","category-destacado","tag-gabo","tag-javier-dario-restrepo"],"_links":{"self":[{"href":"https:\/\/contraluzcucuta.co\/index.php?rest_route=\/wp\/v2\/posts\/10069","targetHints":{"allow":["GET"]}}],"collection":[{"href":"https:\/\/contraluzcucuta.co\/index.php?rest_route=\/wp\/v2\/posts"}],"about":[{"href":"https:\/\/contraluzcucuta.co\/index.php?rest_route=\/wp\/v2\/types\/post"}],"author":[{"embeddable":true,"href":"https:\/\/contraluzcucuta.co\/index.php?rest_route=\/wp\/v2\/users\/1"}],"replies":[{"embeddable":true,"href":"https:\/\/contraluzcucuta.co\/index.php?rest_route=%2Fwp%2Fv2%2Fcomments&post=10069"}],"version-history":[{"count":0,"href":"https:\/\/contraluzcucuta.co\/index.php?rest_route=\/wp\/v2\/posts\/10069\/revisions"}],"wp:attachment":[{"href":"https:\/\/contraluzcucuta.co\/index.php?rest_route=%2Fwp%2Fv2%2Fmedia&parent=10069"}],"wp:term":[{"taxonomy":"category","embeddable":true,"href":"https:\/\/contraluzcucuta.co\/index.php?rest_route=%2Fwp%2Fv2%2Fcategories&post=10069"},{"taxonomy":"post_tag","embeddable":true,"href":"https:\/\/contraluzcucuta.co\/index.php?rest_route=%2Fwp%2Fv2%2Ftags&post=10069"}],"curies":[{"name":"wp","href":"https:\/\/api.w.org\/{rel}","templated":true}]}}